{"id":96905,"date":"2024-09-26T19:48:06","date_gmt":"2024-09-26T19:48:06","guid":{"rendered":"https:\/\/kamucalisani.net\/?p=96905"},"modified":"2024-09-26T19:48:06","modified_gmt":"2024-09-26T19:48:06","slug":"cinin-3-ay-calismasi-planlanan-ay-kesif-araci-6-yildir-gorevde","status":"publish","type":"post","link":"https:\/\/kamucalisani.net\/index.php\/2024\/09\/26\/cinin-3-ay-calismasi-planlanan-ay-kesif-araci-6-yildir-gorevde\/","title":{"rendered":"\u00c7in\u2019in 3 ay \u00e7al\u0131\u015fmas\u0131 planlanan Ay ke\u015fif arac\u0131 6 y\u0131ld\u0131r g\u00f6revde"},"content":{"rendered":"<p><figure> <span> <img decoding=\"async\" src=\"https:\/\/kamucalisani.net\/wp-content\/uploads\/2024\/09\/cinin-3-ay-calismasi-planlanan-ay-kesif-araci-6-yildir-gorevde-0-C7vKsifi.jpg\"\/> <\/span> \u00c7in\u2019in <strong>Yutu 2<\/strong> ke\u015fif arac\u0131, Ay\u2019\u0131n karanl\u0131k y\u00fcz\u00fcndeki, daha do\u011frusu uzak taraf\u0131ndaki tarihi ini\u015finden bu yana neredeyse alt\u0131 y\u0131l ge\u00e7mesine ra\u011fmen <strong>halen aktif<\/strong> bir \u015fekilde \u00e7al\u0131\u015fmaya devam ediyor. 2019 y\u0131l\u0131n\u0131n Ocak ay\u0131nda <strong>Chang\u2019e 4<\/strong> misyonu kapsam\u0131nda Ay\u2019\u0131n uzak taraf\u0131na ger\u00e7ekle\u015ftirilen bu ilk ba\u015far\u0131l\u0131 ini\u015f, \u00c7in\u2019in Ay g\u00f6revlerindeki \u00f6nemli ad\u0131mlardan biri olarak kay\u0131tlara ge\u00e7mi\u015fti. <\/figure>\n<p><b>3 ay \u00e7al\u0131\u015fmas\u0131 planlanm\u0131\u015ft\u0131<\/b><\/p>\n<p>Yutu 2, Ay\u2019da sadece <strong>\u00fc\u00e7 ay<\/strong> veya <strong>\u00fc\u00e7 Ay g\u00fcn\u00fc boyunca \u00e7al\u0131\u015fmas\u0131 planlanan bir ke\u015fif arac\u0131<\/strong> olmas\u0131na ra\u011fmen, bug\u00fcne kadar <strong>71 Ay g\u00fcn\u00fc<\/strong> boyunca aktif kalmay\u0131 ba\u015fard\u0131. Misyonun bu ola\u011fan\u00fcst\u00fc ba\u015far\u0131s\u0131, \u00c7in\u2019in 2023 y\u0131l\u0131ndaki karma\u015f\u0131k Chang\u2019e 6 misyonuyla Ay\u2019dan \u00f6rnek toplama ve bu \u00f6rnekleri D\u00fcnya\u2019ya getirme ba\u015far\u0131s\u0131na da zemin haz\u0131rlad\u0131.<\/p>\n<figure> <span> <img decoding=\"async\" src=\"https:\/\/kamucalisani.net\/wp-content\/uploads\/2024\/09\/cinin-3-ay-calismasi-planlanan-ay-kesif-araci-6-yildir-gorevde-1-hIeQWgRw.jpg\"\/> <\/span> Yutu 2\u2019nin son durumu, \u00c7in k\u00fclt\u00fcr\u00fcnde \u00f6nemli bir tarih olan Sonbahar Ortas\u0131 Festivali\u2019ne denk gelen dolunay g\u00fcn\u00fc yap\u0131lan nadir bir g\u00fcncellemeyle duyuruldu. Bu g\u00fcncellemede, ke\u015fif arac\u0131n\u0131n <strong>Von Karman Krateri<\/strong>\u2019nde \u00e7ekti\u011fi g\u00f6r\u00fcnt\u00fcler yer al\u0131yor. G\u00fcney Kutbu-Aitken Havzas\u0131\u2019ndaki bu b\u00f6lgede, ke\u015fif arac\u0131n\u0131n Ay regolitinde b\u0131rakt\u0131\u011f\u0131 izler, farkl\u0131 boyutlardaki kraterler ve uzaklardaki Ay tepeleri dikkat \u00e7ekiyor. <\/figure>\n<p> \u00a0<\/p>\n<figure> <span> <img decoding=\"async\" src=\"https:\/\/kamucalisani.net\/wp-content\/uploads\/2024\/09\/cinin-3-ay-calismasi-planlanan-ay-kesif-araci-6-yildir-gorevde-2-F8OMdPbK.jpg\"\/> <\/span> Ke\u015fif arac\u0131 \u015fu ana kadar <strong>1.613 metre<\/strong> yol kat etti. Ancak son y\u0131llarda h\u0131z\u0131n\u0131n yava\u015flad\u0131\u011f\u0131 g\u00f6zlemleniyor. Yutu 2, 2022 y\u0131l\u0131n\u0131n Eyl\u00fcl ay\u0131na kadar 1.300 metre yol alm\u0131\u015ft\u0131, bu da yakla\u015f\u0131k \u00fc\u00e7 bu\u00e7uk y\u0131ll\u0131k bir s\u00fcrede elde edilen bir mesafeydi. Son iki y\u0131lda ise sadece 305 metre ek yol kat etti. Bu yava\u015flaman\u0131n, arac\u0131n a\u015f\u0131nan par\u00e7alar\u0131, Ay y\u00fczeyindeki zorlu ko\u015fullar ya da di\u011fer Ay misyonlar\u0131n\u0131n yaratt\u0131\u011f\u0131 talepler gibi fakt\u00f6rlerden kaynaklan\u0131p kaynaklanmad\u0131\u011f\u0131 net de\u011fil. <\/figure>\n<p>\u00c7in&#8217;in ayr\u0131ca Ay&#8217;\u0131n uzak taraf\u0131ndaki g\u00f6revleri desteklemek \u00fczere Ay y\u00f6r\u00fcngesinde \u00e7al\u0131\u015fan Queqiao ve Queqiao 2 adl\u0131 iki y\u00f6r\u00fcnge arac\u0131 bulunuyor. \u00c7in\u2019in bir sonraki Ay ini\u015f g\u00f6revi olan <strong>Chang\u2019e 7<\/strong> ise <strong>2026<\/strong> y\u0131l\u0131nda Ay\u2019\u0131n g\u00fcney kutbunu hedef alacak.<\/p>\n\n<p>Kaynak\u00a0 :\u00a0<span style=\"background-color: rgb(255, 249, 236); color: rgb(55, 58, 60); font-size: 14px;\">https:\/\/www.donanimhaber.com\/cin-in-3-ay-calismasi-planlanan-ay-kesif-araci-6-yildir-gorevde&#8211;182172<\/span><\/p>\n","protected":false},"excerpt":{"rendered":"<p>\u00c7in\u2019in Yutu 2 ke\u015fif arac\u0131, Ay\u2019\u0131n karanl\u0131k y\u00fcz\u00fcndeki, daha do\u011frusu uzak taraf\u0131ndaki tarihi ini\u015finden bu yana neredeyse alt\u0131 y\u0131l ge\u00e7mesine ra\u011fmen halen aktif bir \u015fekilde \u00e7al\u0131\u015fmaya devam ediyor. 2019 y\u0131l\u0131n\u0131n Ocak ay\u0131nda Chang\u2019e 4 misyonu kapsam\u0131nda &#8230;<\/p>\n","protected":false},"author":1,"featured_media":96906,"comment_status":"open","ping_status":"open","sticky":false,"template":"","format":"standard","meta":{"footnotes":""},"categories":[8],"tags":[453,3555],"class_list":["post-96905","post","type-post","status-publish","format-standard","has-post-thumbnail","hentry","category-teknoloji","tag-cin","tag-kesif-araci"],"_links":{"self":[{"href":"https:\/\/kamucalisani.net\/index.php\/wp-json\/wp\/v2\/posts\/96905","targetHints":{"allow":["GET"]}}],"collection":[{"href":"https:\/\/kamucalisani.net\/index.php\/wp-json\/wp\/v2\/posts"}],"about":[{"href":"https:\/\/kamucalisani.net\/index.php\/wp-json\/wp\/v2\/types\/post"}],"author":[{"embeddable":true,"href":"https:\/\/kamucalisani.net\/index.php\/wp-json\/wp\/v2\/users\/1"}],"replies":[{"embeddable":true,"href":"https:\/\/kamucalisani.net\/index.php\/wp-json\/wp\/v2\/comments?post=96905"}],"version-history":[{"count":1,"href":"https:\/\/kamucalisani.net\/index.php\/wp-json\/wp\/v2\/posts\/96905\/revisions"}],"predecessor-version":[{"id":96910,"href":"https:\/\/kamucalisani.net\/index.php\/wp-json\/wp\/v2\/posts\/96905\/revisions\/96910"}],"wp:featuredmedia":[{"embeddable":true,"href":"https:\/\/kamucalisani.net\/index.php\/wp-json\/wp\/v2\/media\/96906"}],"wp:attachment":[{"href":"https:\/\/kamucalisani.net\/index.php\/wp-json\/wp\/v2\/media?parent=96905"}],"wp:term":[{"taxonomy":"category","embeddable":true,"href":"https:\/\/kamucalisani.net\/index.php\/wp-json\/wp\/v2\/categories?post=96905"},{"taxonomy":"post_tag","embeddable":true,"href":"https:\/\/kamucalisani.net\/index.php\/wp-json\/wp\/v2\/tags?post=96905"}],"curies":[{"name":"wp","href":"https:\/\/api.w.org\/{rel}","templated":true}]}}