{"id":97810,"date":"2024-09-28T19:36:07","date_gmt":"2024-09-28T19:36:07","guid":{"rendered":"https:\/\/kamucalisani.net\/?p=97810"},"modified":"2024-09-28T19:36:07","modified_gmt":"2024-09-28T19:36:07","slug":"mert-gunok-bu-takim-citayi-artik-daha-yukariya-koymali","status":"publish","type":"post","link":"https:\/\/kamucalisani.net\/index.php\/2024\/09\/28\/mert-gunok-bu-takim-citayi-artik-daha-yukariya-koymali\/","title":{"rendered":"Mert G\u00fcnok: Bu tak\u0131m \u00e7\u0131tay\u0131 art\u0131k daha yukar\u0131ya koymal\u0131"},"content":{"rendered":"<p><p>Mert G\u00fcnok, Milli Tak\u0131m\u0131m\u0131z&#8217;\u0131n Almanya&#8217;da d\u00fczenlenen 2024 Avrupa Futbol \u015eampiyonas\u0131&#8217;na veda etmesinin ard\u0131ndan sosyal medya hesab\u0131ndan payla\u015f\u0131m yapt\u0131.<\/p>\n<p><strong>Mert G\u00fcnok&#8217;un payla\u015f\u0131m\u0131 \u015f\u00f6yle:<\/strong><\/p>\n<p>&#8220;G\u00fczel \u00fclkemin g\u00fczel insanlar\u0131;<\/p>\n<p>Bizler, \u00fclkemizi en iyi \u015fekilde temsil etmek i\u00e7in \u00e7\u0131kt\u0131\u011f\u0131m\u0131z Avrupa \u015eampiyonas\u0131&#8217;nda elimizden geleni yapmaya \u00e7al\u0131\u015ft\u0131k. Sizinle beraber b\u00fcy\u00fck hayaller kurduk. Gurbetteyken sizin deste\u011finizle kendimizi evimizde gibi hissettik. G\u00f6n\u00fcl isterdi ki sonuna kadar gidelim ve bir hayali ger\u00e7e\u011fe d\u00f6n\u00fc\u015ft\u00fcrelim, olmad\u0131\u2026 Bunun i\u00e7in \u00e7ok \u00fczg\u00fcn\u00fcz. Kamp boyunca bizlerin iyili\u011fi i\u00e7in can\u0131 g\u00f6n\u00fclden \u00e7al\u0131\u015fan sa\u011fl\u0131k ekibimiz, malzemecilerimiz, mutfak \u00e7al\u0131\u015fanlar\u0131m\u0131z, g\u00fcvenlik \u00e7al\u0131\u015fanlar\u0131m\u0131z ve di\u011fer t\u00fcm emek\u00e7ilerimize sonsuz te\u015fekk\u00fcr ediyorum.<\/p>\n<p>Bu tak\u0131m sizlerin de deste\u011fiyle \u00e7\u0131tay\u0131 art\u0131k daha yukar\u0131ya koymal\u0131. Futbolun bu kadar sevildi\u011fi g\u00fczel \u00fclkemizde, ba\u015far\u0131 i\u00e7in y\u0131llarca beklemek yerine, hedef her sene \u015fampiyonalara kat\u0131lmak ve ba\u015far\u0131l\u0131 olmak olmal\u0131. Bunu ba\u015faracak g\u00fcc\u00fcm\u00fcz var. Yeter ki birlik olal\u0131m, birlik oldu\u011fumuzda neler ba\u015fard\u0131\u011f\u0131m\u0131za bakal\u0131m. G\u00fczel \u00fclkemiz her \u015feyin en iyisini hak ediyor. Ne mutlu T\u00fcrk\u00fcm diyene!&#8221;<\/p>\n<p>\u00a0<\/p>\n\n<p><\/p>\n<p>Kaynak :\u00a0<span style=\"background-color: rgb(255, 249, 236); color: rgb(55, 58, 60); font-size: 14px;\">http:\/\/www.milliyet.com.tr\/skorer\/mert-gunok-bu-takim-citayi-artik-daha-yukariya-koymali-7152929<\/span><\/p>\n","protected":false},"excerpt":{"rendered":"<p>\u00d6zellikle Avusturya ma\u00e7\u0131ndaki m\u00fckemmel kurtar\u0131\u015flar\u0131yla Avrupa&#8217;da g\u00fcndem olan milli kaleci, sosyal medya hesab\u0131ndan payla\u015f\u0131mda bulundu.<\/p>\n","protected":false},"author":1,"featured_media":97811,"comment_status":"open","ping_status":"open","sticky":false,"template":"","format":"standard","meta":{"footnotes":""},"categories":[7],"tags":[],"class_list":["post-97810","post","type-post","status-publish","format-standard","has-post-thumbnail","hentry","category-spor"],"_links":{"self":[{"href":"https:\/\/kamucalisani.net\/index.php\/wp-json\/wp\/v2\/posts\/97810","targetHints":{"allow":["GET"]}}],"collection":[{"href":"https:\/\/kamucalisani.net\/index.php\/wp-json\/wp\/v2\/posts"}],"about":[{"href":"https:\/\/kamucalisani.net\/index.php\/wp-json\/wp\/v2\/types\/post"}],"author":[{"embeddable":true,"href":"https:\/\/kamucalisani.net\/index.php\/wp-json\/wp\/v2\/users\/1"}],"replies":[{"embeddable":true,"href":"https:\/\/kamucalisani.net\/index.php\/wp-json\/wp\/v2\/comments?post=97810"}],"version-history":[{"count":1,"href":"https:\/\/kamucalisani.net\/index.php\/wp-json\/wp\/v2\/posts\/97810\/revisions"}],"predecessor-version":[{"id":97812,"href":"https:\/\/kamucalisani.net\/index.php\/wp-json\/wp\/v2\/posts\/97810\/revisions\/97812"}],"wp:featuredmedia":[{"embeddable":true,"href":"https:\/\/kamucalisani.net\/index.php\/wp-json\/wp\/v2\/media\/97811"}],"wp:attachment":[{"href":"https:\/\/kamucalisani.net\/index.php\/wp-json\/wp\/v2\/media?parent=97810"}],"wp:term":[{"taxonomy":"category","embeddable":true,"href":"https:\/\/kamucalisani.net\/index.php\/wp-json\/wp\/v2\/categories?post=97810"},{"taxonomy":"post_tag","embeddable":true,"href":"https:\/\/kamucalisani.net\/index.php\/wp-json\/wp\/v2\/tags?post=97810"}],"curies":[{"name":"wp","href":"https:\/\/api.w.org\/{rel}","templated":true}]}}