{"id":97891,"date":"2024-09-28T23:36:05","date_gmt":"2024-09-28T23:36:05","guid":{"rendered":"https:\/\/kamucalisani.net\/?p=97891"},"modified":"2024-09-28T23:36:05","modified_gmt":"2024-09-28T23:36:05","slug":"apple-intelligencein-depolama-alani-ihtiyaci-ortaya-cikti","status":"publish","type":"post","link":"https:\/\/kamucalisani.net\/index.php\/2024\/09\/28\/apple-intelligencein-depolama-alani-ihtiyaci-ortaya-cikti\/","title":{"rendered":"Apple Intelligence&#8217;\u0131n depolama alan\u0131 ihtiyac\u0131 ortaya \u00e7\u0131kt\u0131"},"content":{"rendered":"<p><figure> <span> <img decoding=\"async\" src=\"https:\/\/kamucalisani.net\/wp-content\/uploads\/2024\/09\/apple-intelligencein-depolama-alani-ihtiyaci-ortaya-cikti-0-58hGV1BH.jpg\"\/> <\/span> Apple&#8217;\u0131n yapay zeka paketi <strong>Apple Intelligence<\/strong>, iOS 18.1 ile birlikte yak\u0131nda yay\u0131nlanacak.\u00a0iOS 18.1 beta s\u00fcr\u00fcm\u00fcnde yer alan Apple taraf\u0131ndan yay\u0131nlanan bir belgeye g\u00f6re, Apple Intelligence piyasaya s\u00fcr\u00fcld\u00fc\u011f\u00fcnde belirli bir depolama alan\u0131na ihtiya\u00e7 duyacak.\u00a0 <\/figure>\n<p><b>\u0130leride depolama alan\u0131 ihtiyac\u0131 artacak<\/b><\/p>\n<p>Belgede belirtildi\u011fine g\u00f6re Apple Intelligence&#8217;\u0131n \u00e7al\u0131\u015fmas\u0131 i\u00e7in <strong>4 GB<\/strong> bo\u015f depolama alan\u0131n\u0131n olmas\u0131 gerekiyor. Ancak belgede sadece iPhone&#8217;lardan bahsediliyor. iPad ve Mac&#8217;ler i\u00e7in farkl\u0131 depolama alan\u0131 gereksinimi olabilir. Ek olarak 4 GB&#8217;\u0131n ba\u015flang\u0131\u00e7ta sunulacak yapay zeka \u00f6zellikleri i\u00e7in oldu\u011funu belirtelim. Gelecekte sunulan \u00f6zellikler i\u00e7in <strong>daha fazla depolama alan\u0131na<\/strong> ihtiya\u00e7 duyulaca\u011f\u0131 belirtiliyor.<\/p>\n<p>\u015euan i\u00e7in 4 GB y\u00fcksek bir miktar olmasa da gelecekte eklenecek yapay zeka \u00f6zellikleri nedeniyle <strong>daha y\u00fcksek kapasiteli modellere olan ihtiya\u00e7 artacak <\/strong>gibi g\u00f6r\u00fcn\u00fcyor.<\/p>\n\n<p>Kaynak\u00a0 :\u00a0<span style=\"background-color: rgb(255, 249, 236); color: rgb(55, 58, 60); font-size: 14px;\">https:\/\/www.donanimhaber.com\/apple-intelligence-in-depolama-alani-ihtiyaci-ortaya-cikti&#8211;182326<\/span><\/p>\n","protected":false},"excerpt":{"rendered":"<p>Apple&#8217;\u0131n yapay zeka paketi Apple Intelligence, iOS 18.1 ile birlikte yak\u0131nda yay\u0131nlanacak.\u00a0iOS 18.1 beta s\u00fcr\u00fcm\u00fcnde yer alan Apple taraf\u0131ndan yay\u0131nlanan bir belgeye g\u00f6re, Apple Intelligence piyasaya s\u00fcr\u00fcld\u00fc\u011f\u00fcnde belirli bir depolama alan\u0131na &#8230;<\/p>\n","protected":false},"author":1,"featured_media":97892,"comment_status":"open","ping_status":"open","sticky":false,"template":"","format":"standard","meta":{"footnotes":""},"categories":[8],"tags":[82,6329],"class_list":["post-97891","post","type-post","status-publish","format-standard","has-post-thumbnail","hentry","category-teknoloji","tag-apple","tag-depolama-alani"],"_links":{"self":[{"href":"https:\/\/kamucalisani.net\/index.php\/wp-json\/wp\/v2\/posts\/97891","targetHints":{"allow":["GET"]}}],"collection":[{"href":"https:\/\/kamucalisani.net\/index.php\/wp-json\/wp\/v2\/posts"}],"about":[{"href":"https:\/\/kamucalisani.net\/index.php\/wp-json\/wp\/v2\/types\/post"}],"author":[{"embeddable":true,"href":"https:\/\/kamucalisani.net\/index.php\/wp-json\/wp\/v2\/users\/1"}],"replies":[{"embeddable":true,"href":"https:\/\/kamucalisani.net\/index.php\/wp-json\/wp\/v2\/comments?post=97891"}],"version-history":[{"count":1,"href":"https:\/\/kamucalisani.net\/index.php\/wp-json\/wp\/v2\/posts\/97891\/revisions"}],"predecessor-version":[{"id":97894,"href":"https:\/\/kamucalisani.net\/index.php\/wp-json\/wp\/v2\/posts\/97891\/revisions\/97894"}],"wp:featuredmedia":[{"embeddable":true,"href":"https:\/\/kamucalisani.net\/index.php\/wp-json\/wp\/v2\/media\/97892"}],"wp:attachment":[{"href":"https:\/\/kamucalisani.net\/index.php\/wp-json\/wp\/v2\/media?parent=97891"}],"wp:term":[{"taxonomy":"category","embeddable":true,"href":"https:\/\/kamucalisani.net\/index.php\/wp-json\/wp\/v2\/categories?post=97891"},{"taxonomy":"post_tag","embeddable":true,"href":"https:\/\/kamucalisani.net\/index.php\/wp-json\/wp\/v2\/tags?post=97891"}],"curies":[{"name":"wp","href":"https:\/\/api.w.org\/{rel}","templated":true}]}}