{"id":98231,"date":"2024-09-29T15:48:07","date_gmt":"2024-09-29T15:48:07","guid":{"rendered":"https:\/\/kamucalisani.net\/?p=98231"},"modified":"2024-09-29T15:48:07","modified_gmt":"2024-09-29T15:48:07","slug":"u19-milli-takimi-avrupa-sampiyonasi-hazirliklarini-surdurdu","status":"publish","type":"post","link":"https:\/\/kamucalisani.net\/index.php\/2024\/09\/29\/u19-milli-takimi-avrupa-sampiyonasi-hazirliklarini-surdurdu\/","title":{"rendered":"U19 Milli Tak\u0131m\u0131, Avrupa \u015eampiyonas\u0131 haz\u0131rl\u0131klar\u0131n\u0131 s\u00fcrd\u00fcrd\u00fc!"},"content":{"rendered":"<p><p>T\u00fcrkiye 19 Ya\u015f Alt\u0131 Futbol Milli Tak\u0131m\u0131, 2024 UEFA Avrupa \u015eampiyonas\u0131 haz\u0131rl\u0131klar\u0131n\u0131 Kuzey \u0130rlanda&#8217;da s\u00fcrd\u00fcrd\u00fc.<\/p>\n<p>T\u00fcrkiye Futbol Federasyonu&#8217;ndan yap\u0131lan a\u00e7\u0131klamaya g\u00f6re Kuzey \u0130rlanda&#8217;da 15-28 Temmuz&#8217;da d\u00fczenlenecek \u015fampiyonada m\u00fccadele edecek milli tak\u0131m, organizasyonun haz\u0131rl\u0131klar\u0131na Belfast kentinde devam etti.<\/p>\n<p>Teknik direkt\u00f6r Soykan Ba\u015far y\u00f6netiminde Queen&#8217;s University Sport Center&#8217;da \u00e7al\u0131\u015fan milli tak\u0131m, Fransa, \u0130spanya ve Danimarka ile ayn\u0131 grupta yer al\u0131yor.<\/p>\n<p>Milli tak\u0131m gruptaki ilk ma\u00e7\u0131nda 16 Temmuz&#8217;da Fransa ile kar\u015f\u0131 kar\u015f\u0131ya gelecek.<\/p>\n\n<p><\/p>\n<p>Kaynak :\u00a0<span style=\"background-color: rgb(255, 249, 236); color: rgb(55, 58, 60); font-size: 14px;\">http:\/\/www.milliyet.com.tr\/skorer\/u19-milli-takimi-avrupa-sampiyonasi-hazirliklarini-surdurdu-7153018<\/span><\/p>\n","protected":false},"excerpt":{"rendered":"<p>Soykan Ba\u015far y\u00f6netimindeki U19 Milli Tak\u0131m\u0131, Avrupa \u015eampiyonas\u0131 haz\u0131rl\u0131klar\u0131na devam etti.<\/p>\n","protected":false},"author":1,"featured_media":98232,"comment_status":"open","ping_status":"open","sticky":false,"template":"","format":"standard","meta":{"footnotes":""},"categories":[7],"tags":[],"class_list":["post-98231","post","type-post","status-publish","format-standard","has-post-thumbnail","hentry","category-spor"],"_links":{"self":[{"href":"https:\/\/kamucalisani.net\/index.php\/wp-json\/wp\/v2\/posts\/98231","targetHints":{"allow":["GET"]}}],"collection":[{"href":"https:\/\/kamucalisani.net\/index.php\/wp-json\/wp\/v2\/posts"}],"about":[{"href":"https:\/\/kamucalisani.net\/index.php\/wp-json\/wp\/v2\/types\/post"}],"author":[{"embeddable":true,"href":"https:\/\/kamucalisani.net\/index.php\/wp-json\/wp\/v2\/users\/1"}],"replies":[{"embeddable":true,"href":"https:\/\/kamucalisani.net\/index.php\/wp-json\/wp\/v2\/comments?post=98231"}],"version-history":[{"count":1,"href":"https:\/\/kamucalisani.net\/index.php\/wp-json\/wp\/v2\/posts\/98231\/revisions"}],"predecessor-version":[{"id":98233,"href":"https:\/\/kamucalisani.net\/index.php\/wp-json\/wp\/v2\/posts\/98231\/revisions\/98233"}],"wp:featuredmedia":[{"embeddable":true,"href":"https:\/\/kamucalisani.net\/index.php\/wp-json\/wp\/v2\/media\/98232"}],"wp:attachment":[{"href":"https:\/\/kamucalisani.net\/index.php\/wp-json\/wp\/v2\/media?parent=98231"}],"wp:term":[{"taxonomy":"category","embeddable":true,"href":"https:\/\/kamucalisani.net\/index.php\/wp-json\/wp\/v2\/categories?post=98231"},{"taxonomy":"post_tag","embeddable":true,"href":"https:\/\/kamucalisani.net\/index.php\/wp-json\/wp\/v2\/tags?post=98231"}],"curies":[{"name":"wp","href":"https:\/\/api.w.org\/{rel}","templated":true}]}}