{"id":98289,"date":"2024-09-29T18:36:06","date_gmt":"2024-09-29T18:36:06","guid":{"rendered":"https:\/\/kamucalisani.net\/?p=98289"},"modified":"2024-09-29T18:36:06","modified_gmt":"2024-09-29T18:36:06","slug":"besiktasta-yeni-sezon-hazirliklari-hiz-kesmedi-2","status":"publish","type":"post","link":"https:\/\/kamucalisani.net\/index.php\/2024\/09\/29\/besiktasta-yeni-sezon-hazirliklari-hiz-kesmedi-2\/","title":{"rendered":"Be\u015fikta\u015f&#8217;ta yeni sezon haz\u0131rl\u0131klar\u0131 h\u0131z kesmedi!"},"content":{"rendered":"<p><p>Trendyol S\u00fcper Lig ekiplerinden Be\u015fikta\u015f, sezon haz\u0131rl\u0131klar\u0131n\u0131 \u00e7ift antrenmanla s\u00fcrd\u00fcrd\u00fc.<\/p>\n<p>Kul\u00fcpten yap\u0131lan a\u00e7\u0131klamaya g\u00f6re siyah beyazl\u0131 futbolcular, teknik direkt\u00f6r Giovanni van Bronckhorst y\u00f6netiminde BJK Nevzat Demir Tesisleri&#8217;nde \u00e7al\u0131\u015ft\u0131.<\/p>\n<p>Kondisyon ve taktik idman\u0131 yapan futbolcular, performans testleriyle g\u00fcn\u00fc tamamlad\u0131.<\/p>\n<p>Siyah-beyazl\u0131 ekip, sezon haz\u0131rl\u0131klar\u0131na yar\u0131n saat 10.30&#8217;da yapaca\u011f\u0131 antrenmanla devam edecek.<\/p>\n\n<p><\/p>\n<p>Kaynak :\u00a0<span style=\"background-color: rgb(255, 249, 236); color: rgb(55, 58, 60); font-size: 14px;\">http:\/\/www.milliyet.com.tr\/skorer\/besiktasta-yeni-sezon-hazirliklari-hiz-kesmedi-7153024<\/span><\/p>\n","protected":false},"excerpt":{"rendered":"<p>Giovanni van Bronckhorst y\u00f6netimindeki Be\u015fikta\u015f&#8217;ta yeni sezon haz\u0131rl\u0131klar\u0131 h\u0131z kesmedi.<\/p>\n","protected":false},"author":1,"featured_media":98290,"comment_status":"open","ping_status":"open","sticky":false,"template":"","format":"standard","meta":{"footnotes":""},"categories":[7],"tags":[],"class_list":["post-98289","post","type-post","status-publish","format-standard","has-post-thumbnail","hentry","category-spor"],"_links":{"self":[{"href":"https:\/\/kamucalisani.net\/index.php\/wp-json\/wp\/v2\/posts\/98289","targetHints":{"allow":["GET"]}}],"collection":[{"href":"https:\/\/kamucalisani.net\/index.php\/wp-json\/wp\/v2\/posts"}],"about":[{"href":"https:\/\/kamucalisani.net\/index.php\/wp-json\/wp\/v2\/types\/post"}],"author":[{"embeddable":true,"href":"https:\/\/kamucalisani.net\/index.php\/wp-json\/wp\/v2\/users\/1"}],"replies":[{"embeddable":true,"href":"https:\/\/kamucalisani.net\/index.php\/wp-json\/wp\/v2\/comments?post=98289"}],"version-history":[{"count":1,"href":"https:\/\/kamucalisani.net\/index.php\/wp-json\/wp\/v2\/posts\/98289\/revisions"}],"predecessor-version":[{"id":98291,"href":"https:\/\/kamucalisani.net\/index.php\/wp-json\/wp\/v2\/posts\/98289\/revisions\/98291"}],"wp:featuredmedia":[{"embeddable":true,"href":"https:\/\/kamucalisani.net\/index.php\/wp-json\/wp\/v2\/media\/98290"}],"wp:attachment":[{"href":"https:\/\/kamucalisani.net\/index.php\/wp-json\/wp\/v2\/media?parent=98289"}],"wp:term":[{"taxonomy":"category","embeddable":true,"href":"https:\/\/kamucalisani.net\/index.php\/wp-json\/wp\/v2\/categories?post=98289"},{"taxonomy":"post_tag","embeddable":true,"href":"https:\/\/kamucalisani.net\/index.php\/wp-json\/wp\/v2\/tags?post=98289"}],"curies":[{"name":"wp","href":"https:\/\/api.w.org\/{rel}","templated":true}]}}