{"id":98296,"date":"2024-09-29T19:00:07","date_gmt":"2024-09-29T19:00:07","guid":{"rendered":"https:\/\/kamucalisani.net\/?p=98296"},"modified":"2024-09-29T19:00:07","modified_gmt":"2024-09-29T19:00:07","slug":"galatasaraydan-transferde-festy-ebosele-surprizi","status":"publish","type":"post","link":"https:\/\/kamucalisani.net\/index.php\/2024\/09\/29\/galatasaraydan-transferde-festy-ebosele-surprizi\/","title":{"rendered":"Galatasaray&#8217;dan transferde Festy Ebosele s\u00fcrprizi!"},"content":{"rendered":"<p><p>Okan Buruk y\u00f6netimindeki Galatasaray&#8217;dan s\u00fcrpriz bir transfer hamlesi geldi\u011fi ortaya \u00e7\u0131kt\u0131. Sar\u0131-k\u0131rm\u0131z\u0131l\u0131lar\u0131n, gen\u00e7 sa\u011f bek Festy Ebosele ile ilgilendi\u011fi \u00f6\u011frenildi.<\/p>\n<p>Tutto Udinese&#8217;nin haberine g\u00f6re; Galatasaray, Udinese formas\u0131 giyen Festy Ebosele&#8217;yi transfer etmek i\u00e7in harekete ge\u00e7ti. Sar\u0131-k\u0131rm\u0131z\u0131l\u0131lar\u0131n, gen futbolcu i\u00e7in 5 milyon euroluk resmi transfer teklifinde bulundu\u011fu aktar\u0131ld\u0131.<\/p>\n<p>Udinese&#8217;nin Festy Ebosele transferinde bonservis beklentisinin daha y\u00fcksek oldu\u011fu kaydedildi. Bu nedenle teklifin kabul edilmeyebilece\u011fi vurguland\u0131.<\/p>\n<p>\u0130rlandal\u0131 sa\u011f bek, geride kalan sezonda Udinese formas\u0131n\u0131 32 resmi ma\u00e7ta terletti. Festy Ebosele bu m\u00fccadelelerde 1 asist \u00fcretti. Gen\u00e7 futbolcunun Udinese ile olan s\u00f6zle\u015fmesi 30 Haziran 2027&#8217;de sona erecek. Festy Ebosele&#8217;nin g\u00fcncel piyasa de\u011feri 6 milyn euro.<\/p>\n<p>Derby County altyap\u0131s\u0131nda yeti\u015fen Festy Ebosele, 2022-2023 sezonu ba\u015f\u0131nda bedelsiz olarak Udinese&#8217;ye imza att\u0131.<\/p>\n\n<p><\/p>\n<p>Kaynak :\u00a0<span style=\"background-color: rgb(255, 249, 236); color: rgb(55, 58, 60); font-size: 14px;\">http:\/\/www.milliyet.com.tr\/skorer\/galatasaraydan-transferde-festy-ebosele-surprizi-7153025<\/span><\/p>\n","protected":false},"excerpt":{"rendered":"<p>Galatasaray&#8217;\u0131n Udinese formas\u0131 giyen Festy Ebosele&#8217;nin pe\u015fine d\u00fc\u015ft\u00fc\u011f\u00fc \u00f6ne s\u00fcr\u00fcld\u00fc.<\/p>\n","protected":false},"author":1,"featured_media":98297,"comment_status":"open","ping_status":"open","sticky":false,"template":"","format":"standard","meta":{"footnotes":""},"categories":[7],"tags":[3445],"class_list":["post-98296","post","type-post","status-publish","format-standard","has-post-thumbnail","hentry","category-spor","tag-udinese"],"_links":{"self":[{"href":"https:\/\/kamucalisani.net\/index.php\/wp-json\/wp\/v2\/posts\/98296","targetHints":{"allow":["GET"]}}],"collection":[{"href":"https:\/\/kamucalisani.net\/index.php\/wp-json\/wp\/v2\/posts"}],"about":[{"href":"https:\/\/kamucalisani.net\/index.php\/wp-json\/wp\/v2\/types\/post"}],"author":[{"embeddable":true,"href":"https:\/\/kamucalisani.net\/index.php\/wp-json\/wp\/v2\/users\/1"}],"replies":[{"embeddable":true,"href":"https:\/\/kamucalisani.net\/index.php\/wp-json\/wp\/v2\/comments?post=98296"}],"version-history":[{"count":1,"href":"https:\/\/kamucalisani.net\/index.php\/wp-json\/wp\/v2\/posts\/98296\/revisions"}],"predecessor-version":[{"id":98298,"href":"https:\/\/kamucalisani.net\/index.php\/wp-json\/wp\/v2\/posts\/98296\/revisions\/98298"}],"wp:featuredmedia":[{"embeddable":true,"href":"https:\/\/kamucalisani.net\/index.php\/wp-json\/wp\/v2\/media\/98297"}],"wp:attachment":[{"href":"https:\/\/kamucalisani.net\/index.php\/wp-json\/wp\/v2\/media?parent=98296"}],"wp:term":[{"taxonomy":"category","embeddable":true,"href":"https:\/\/kamucalisani.net\/index.php\/wp-json\/wp\/v2\/categories?post=98296"},{"taxonomy":"post_tag","embeddable":true,"href":"https:\/\/kamucalisani.net\/index.php\/wp-json\/wp\/v2\/tags?post=98296"}],"curies":[{"name":"wp","href":"https:\/\/api.w.org\/{rel}","templated":true}]}}