{"id":98623,"date":"2024-09-30T11:12:06","date_gmt":"2024-09-30T11:12:06","guid":{"rendered":"https:\/\/kamucalisani.net\/?p=98623"},"modified":"2024-09-30T11:12:06","modified_gmt":"2024-09-30T11:12:06","slug":"apple-gelenegi-bozmadi-macos-sequoia-guncellemesi-usb-sorunlarina-yol-aciyor","status":"publish","type":"post","link":"https:\/\/kamucalisani.net\/index.php\/2024\/09\/30\/apple-gelenegi-bozmadi-macos-sequoia-guncellemesi-usb-sorunlarina-yol-aciyor\/","title":{"rendered":"Apple gelene\u011fi bozmad\u0131: macOS Sequoia g\u00fcncellemesi USB sorunlar\u0131na yol a\u00e7\u0131yor"},"content":{"rendered":"<p><figure> <span> <img decoding=\"async\" src=\"https:\/\/kamucalisani.net\/wp-content\/uploads\/2024\/09\/apple-gelenegi-bozmadi-macos-sequoia-guncellemesi-usb-sorunlarina-yol-aciyor-0-A1SdQ5yd.jpg\"\/> <\/span> macOS Sonoma g\u00fcncellemesi, monit\u00f6rlerin yerle\u015fik USB hublar\u0131n\u0131n \u00e7al\u0131\u015fmamas\u0131 sorunuyla kullan\u0131c\u0131lar\u0131 ba\u015f ba\u015fa b\u0131rakm\u0131\u015ft\u0131. Yak\u0131n zamanda yay\u0131nlanan <strong>macOS Sequoia<\/strong> s\u00fcr\u00fcm\u00fcnde de USB sorunlar\u0131 ortaya \u00e7\u0131kt\u0131. <\/figure>\n<p><b>macOS Sequoia \u015fikayetleri: USB diskleri alg\u0131lam\u0131yor<\/b><\/p>\n<p>Apple\u2019\u0131n destek forumunda ve Reddit\u2019te, macOS 15\u2019e g\u00fcncelleyen baz\u0131 kullan\u0131c\u0131lar\u0131n USB portunda sorunlar ya\u015fad\u0131\u011f\u0131n\u0131 iddia etti\u011fi birka\u00e7 rapor var. Kullan\u0131c\u0131lar, USB-C ba\u011flant\u0131 noktas\u0131na tak\u0131lan <strong>diskin ve \u015farj cihaz\u0131n\u0131n alg\u0131lanmad\u0131\u011f\u0131n\u0131 veya kullan\u0131labilir hale gelmesinin uzun zaman ald\u0131\u011f\u0131n\u0131 <\/strong>dile getirdi. G\u00fcncellemeden sonra Mac\u2019in ba\u011flanan USB flash diski alg\u0131lamad\u0131\u011f\u0131, <strong>Disk \u0130zlencesi\u2019nde de g\u00f6r\u00fclmedi\u011fini<\/strong> s\u00f6yleyenler var.<\/p>\n<p>Kullan\u0131c\u0131 raporlar\u0131na g\u00f6re, USB sorunu belli bir model veya i\u015flemcili Mac\u2019lerle s\u0131n\u0131rl\u0131 de\u011fil. \u015eikayetler, <strong>M1, M2, M3 i\u015flemcili MacBook Air ve iMac modellerini<\/strong> kullananlardan geliyor. Apple\u2019\u0131n sorundan haberdar olup olmad\u0131\u011f\u0131 bilinmiyor. Sorun yayg\u0131nsa ge\u00e7en y\u0131l oldu\u011fu gibi Apple yak\u0131n zamanda hata d\u00fczeltmesi i\u00e7eren bir g\u00fcncelleme yay\u0131nlayacakt\u0131r.<\/p>\n\n<p>Kaynak\u00a0 :\u00a0<span style=\"background-color: rgb(255, 249, 236); color: rgb(55, 58, 60); font-size: 14px;\">https:\/\/www.donanimhaber.com\/macos-sequoia-guncellemesi-usb-sorunlarina-yol-aciyor&#8211;182441<\/span><\/p>\n","protected":false},"excerpt":{"rendered":"<p>macOS Sonoma g\u00fcncellemesi, monit\u00f6rlerin yerle\u015fik USB hublar\u0131n\u0131n \u00e7al\u0131\u015fmamas\u0131 sorunuyla kullan\u0131c\u0131lar\u0131 ba\u015f ba\u015fa b\u0131rakm\u0131\u015ft\u0131. Yak\u0131n zamanda yay\u0131nlanan macOS Sequoia s\u00fcr\u00fcm\u00fcnde de USB sorunlar\u0131 ortaya \u00e7\u0131kt\u0131. macOS Sequoia \u015fikayetleri: USB diskleri &#8230;<\/p>\n","protected":false},"author":1,"featured_media":98624,"comment_status":"open","ping_status":"open","sticky":false,"template":"","format":"standard","meta":{"footnotes":""},"categories":[8],"tags":[492,1171],"class_list":["post-98623","post","type-post","status-publish","format-standard","has-post-thumbnail","hentry","category-teknoloji","tag-sorun","tag-usb"],"_links":{"self":[{"href":"https:\/\/kamucalisani.net\/index.php\/wp-json\/wp\/v2\/posts\/98623","targetHints":{"allow":["GET"]}}],"collection":[{"href":"https:\/\/kamucalisani.net\/index.php\/wp-json\/wp\/v2\/posts"}],"about":[{"href":"https:\/\/kamucalisani.net\/index.php\/wp-json\/wp\/v2\/types\/post"}],"author":[{"embeddable":true,"href":"https:\/\/kamucalisani.net\/index.php\/wp-json\/wp\/v2\/users\/1"}],"replies":[{"embeddable":true,"href":"https:\/\/kamucalisani.net\/index.php\/wp-json\/wp\/v2\/comments?post=98623"}],"version-history":[{"count":1,"href":"https:\/\/kamucalisani.net\/index.php\/wp-json\/wp\/v2\/posts\/98623\/revisions"}],"predecessor-version":[{"id":98626,"href":"https:\/\/kamucalisani.net\/index.php\/wp-json\/wp\/v2\/posts\/98623\/revisions\/98626"}],"wp:featuredmedia":[{"embeddable":true,"href":"https:\/\/kamucalisani.net\/index.php\/wp-json\/wp\/v2\/media\/98624"}],"wp:attachment":[{"href":"https:\/\/kamucalisani.net\/index.php\/wp-json\/wp\/v2\/media?parent=98623"}],"wp:term":[{"taxonomy":"category","embeddable":true,"href":"https:\/\/kamucalisani.net\/index.php\/wp-json\/wp\/v2\/categories?post=98623"},{"taxonomy":"post_tag","embeddable":true,"href":"https:\/\/kamucalisani.net\/index.php\/wp-json\/wp\/v2\/tags?post=98623"}],"curies":[{"name":"wp","href":"https:\/\/api.w.org\/{rel}","templated":true}]}}