{"id":98666,"date":"2024-09-30T13:12:09","date_gmt":"2024-09-30T13:12:09","guid":{"rendered":"https:\/\/kamucalisani.net\/?p=98666"},"modified":"2024-09-30T13:12:09","modified_gmt":"2024-09-30T13:12:09","slug":"trabzonsporda-yeni-rota-okay-yokuslu","status":"publish","type":"post","link":"https:\/\/kamucalisani.net\/index.php\/2024\/09\/30\/trabzonsporda-yeni-rota-okay-yokuslu\/","title":{"rendered":"Trabzonspor&#8217;da yeni rota Okay Yoku\u015flu!"},"content":{"rendered":"<p><p>Transfere h\u0131zl\u0131 bir ba\u015flang\u0131\u00e7 yaparak Denis Dragus, Borna Barisic, John Lundstram, Anthony Nwakaeme, Ozan Tufan ve Cihan \u00c7anak\u2019\u0131 kadrosuna katan Trabzonspor orta sahaya bir takviye daha ger\u00e7ekle\u015ftirmeyi planl\u0131yor. Berat \u00d6zdemir\u2019le yollar\u0131 ay\u0131ran bordo-mavililerin bu do\u011frultuda milli futbolcu Okay Yoku\u015flu i\u00e7in harekete ge\u00e7ti\u011fi belirlendi.<\/p>\n<p>Teknik Direkt\u00f6r Abdullah Avc\u0131\u2019n\u0131n, \u0130ngiltere Championship ekibi West Bromwich Albion\u2019da forma giyen Okay Yoku\u015flu\u2019yu kadrosunda g\u00f6rmek istedi\u011fi ifade edildi. Avc\u0131\u2019n\u0131n talebini yerine getirmeye \u00e7al\u0131\u015fan bordo-mavili y\u00f6netimin, 30 ya\u015f\u0131ndaki Okay\u2019\u0131n menajeriyle g\u00f6r\u00fc\u015fmelere ba\u015flad\u0131\u011f\u0131 aktar\u0131ld\u0131.<\/p>\n<p>West Bromwich Albion ile 1 y\u0131l daha s\u00f6zle\u015fmesi bulunan Okay Yoku\u015flu\u2019nun eski tak\u0131m\u0131 olan Trabzonspor\u2019a d\u00f6nmeye s\u0131cak bakt\u0131\u011f\u0131 belirlendi. Karadeniz ekibi 2015\u2019te 2 milyon euro kar\u015f\u0131l\u0131\u011f\u0131nda Kayserispor\u2019dan kadrosuna katt\u0131\u011f\u0131 ba\u015far\u0131l\u0131 futbolcuyu, 2018\u2019de 6 milyon euro bonservisle \u0130spanyol ekibi Celta Vigo\u2019ya g\u00f6ndermi\u015fti.<\/p>\n<p>EURO 2024\u2019te A Milli Tak\u0131m formas\u0131 giyen ve g\u00f6rev ald\u0131\u011f\u0131 ma\u00e7larda ba\u015far\u0131l\u0131 performans sergileyen Okay Yoku\u015flu ge\u00e7en sezon West Bromwich Albion\u2019da 48 ma\u00e7a \u00e7\u0131karken 1 gol, 1 asiste imza att\u0131.<\/p>\n<p>Trabzonspor formas\u0131yla 2015-2018 d\u00f6neminde 106 resmi ma\u00e7a \u00e7\u0131kan Okay Yoku\u015flu 10 gol, 7 asist kaydetmi\u015fti.<\/p>\n\n<p><\/p>\n<p>Kaynak :\u00a0<span style=\"background-color: rgb(255, 249, 236); color: rgb(55, 58, 60); font-size: 14px;\">http:\/\/www.milliyet.com.tr\/skorer\/trabzonsporda-yeni-rota-okay-yokuslu-7153094<\/span><\/p>\n","protected":false},"excerpt":{"rendered":"<p>Orta sahaya bir takviye daha yapmay\u0131 planlayan Karadeniz ekibi rotas\u0131n\u0131 Okay Yoku\u015flu\u2019ya \u00e7evirdi. Bordo-mavililer, West Bromwich ile 1 y\u0131l s\u00f6zle\u015fmesi kalan milli futbolcu i\u00e7in g\u00f6r\u00fc\u015fmelere ba\u015flad\u0131.<\/p>\n","protected":false},"author":1,"featured_media":98667,"comment_status":"open","ping_status":"open","sticky":false,"template":"","format":"standard","meta":{"footnotes":""},"categories":[7],"tags":[950],"class_list":["post-98666","post","type-post","status-publish","format-standard","has-post-thumbnail","hentry","category-spor","tag-okay-yokuslu"],"_links":{"self":[{"href":"https:\/\/kamucalisani.net\/index.php\/wp-json\/wp\/v2\/posts\/98666","targetHints":{"allow":["GET"]}}],"collection":[{"href":"https:\/\/kamucalisani.net\/index.php\/wp-json\/wp\/v2\/posts"}],"about":[{"href":"https:\/\/kamucalisani.net\/index.php\/wp-json\/wp\/v2\/types\/post"}],"author":[{"embeddable":true,"href":"https:\/\/kamucalisani.net\/index.php\/wp-json\/wp\/v2\/users\/1"}],"replies":[{"embeddable":true,"href":"https:\/\/kamucalisani.net\/index.php\/wp-json\/wp\/v2\/comments?post=98666"}],"version-history":[{"count":1,"href":"https:\/\/kamucalisani.net\/index.php\/wp-json\/wp\/v2\/posts\/98666\/revisions"}],"predecessor-version":[{"id":98668,"href":"https:\/\/kamucalisani.net\/index.php\/wp-json\/wp\/v2\/posts\/98666\/revisions\/98668"}],"wp:featuredmedia":[{"embeddable":true,"href":"https:\/\/kamucalisani.net\/index.php\/wp-json\/wp\/v2\/media\/98667"}],"wp:attachment":[{"href":"https:\/\/kamucalisani.net\/index.php\/wp-json\/wp\/v2\/media?parent=98666"}],"wp:term":[{"taxonomy":"category","embeddable":true,"href":"https:\/\/kamucalisani.net\/index.php\/wp-json\/wp\/v2\/categories?post=98666"},{"taxonomy":"post_tag","embeddable":true,"href":"https:\/\/kamucalisani.net\/index.php\/wp-json\/wp\/v2\/tags?post=98666"}],"curies":[{"name":"wp","href":"https:\/\/api.w.org\/{rel}","templated":true}]}}