{"id":99029,"date":"2024-10-01T05:00:07","date_gmt":"2024-10-01T05:00:07","guid":{"rendered":"https:\/\/kamucalisani.net\/?p=99029"},"modified":"2024-10-01T05:00:07","modified_gmt":"2024-10-01T05:00:07","slug":"avrupa-uzay-ajansi-atmosferde-uydu-parcalayacak-peki-ama-neden","status":"publish","type":"post","link":"https:\/\/kamucalisani.net\/index.php\/2024\/10\/01\/avrupa-uzay-ajansi-atmosferde-uydu-parcalayacak-peki-ama-neden\/","title":{"rendered":"Avrupa Uzay Ajans\u0131 atmosferde uydu par\u00e7alayacak: Peki ama neden?"},"content":{"rendered":"<p><figure> <span> <img decoding=\"async\" src=\"https:\/\/kamucalisani.net\/wp-content\/uploads\/2024\/10\/avrupa-uzay-ajansi-atmosferde-uydu-parcalayacak-peki-ama-neden-0-24gsGqNE.jpg\"\/> <\/span> <strong>Avrupa Uzay Ajans\u0131 (ESA)<\/strong>, 2027&#8217;de d\u00fcnya y\u00f6r\u00fcngesine bir uydu f\u0131rlatarak <strong>atmosfere girerken par\u00e7alanmas\u0131n\u0131 izleyecek.<\/strong> Ajans b\u00f6ylece, uydular\u0131n tam olarak nas\u0131l par\u00e7aland\u0131\u011f\u0131n\u0131 anlamay\u0131 ve bilim insanlar\u0131n\u0131n daha fazla uzay \u00e7\u00f6p\u00fcn\u00fcn olu\u015fmas\u0131n\u0131 nas\u0131l \u00f6nleyeceklerini \u00f6\u011frenmelerine yard\u0131mc\u0131 olmay\u0131 hedefliyor. <\/figure>\n<p>D\u00fcnya y\u00f6r\u00fcngesindeki uydu say\u0131s\u0131 artt\u0131k\u00e7a uzay \u00e7\u00f6p\u00fc sorunu da art\u0131yor. Dolay\u0131s\u0131yla bilim insanlar\u0131 ve uzay ajanslar\u0131 bu sorunun \u00e7\u00f6z\u00fcm\u00fcne y\u00f6nelik \u00e7al\u0131\u015fmalar y\u00fcr\u00fct\u00fcyor. ESA&#8217;n\u0131n bu g\u00f6revi, 2030 y\u0131l\u0131na kadar ek uzay \u00e7\u00f6p\u00fcn\u00fcn olu\u015fmas\u0131n\u0131 engellemeyi ama\u00e7layan <strong>&#8220;S\u0131f\u0131r Enkaz S\u00f6zle\u015fmesi&#8221;<\/strong> giri\u015fiminin bir par\u00e7as\u0131 olarak ger\u00e7ekle\u015ftirilecek.<\/p>\n<p><strong>Destructive Reentry Assessment Container Object (DRACO)<\/strong> isimli g\u00f6rev kapsam\u0131nda\u00a0uydunun i\u00e7 k\u0131s\u0131mlar\u0131, atmosfere yeniden giri\u015f s\u0131ras\u0131nda yok olan ara\u00e7tan veri toplayacak.\u00a0Ayr\u0131ca, y\u0131k\u0131mdan kurtulmak \u00fczere tasarlanm\u0131\u015f, toplanan verileri okyanusa do\u011fru hareket ederken iletecek <strong>40 santimetrelik bir kaps\u00fcl <\/strong>i\u00e7erecek.<\/p>\n<p><b>\u00c7ama\u015f\u0131r makinesi boyutunda ve 200 kg a\u011f\u0131rl\u0131\u011f\u0131nda olacak<\/b><\/p>\n<p>DRACO&#8217;yu in\u015fa etmek i\u00e7in Deimos adl\u0131 havac\u0131l\u0131k m\u00fchendisli\u011fi \u015firketi ile s\u00f6zle\u015fme imzaland\u0131. DRACO, yakla\u015f\u0131k bir <strong>\u00e7ama\u015f\u0131r makinesi boyutunda<\/strong> ve <strong>200 kg a\u011f\u0131rl\u0131\u011f\u0131nda<\/strong> olacak. \u0130\u00e7erisinde\u00a0<strong>200 sens\u00f6r<\/strong> ve<strong> 4 kamera<\/strong> yer alacak ancak <strong>itki veya navigasyon sistemi olmayacak.<\/strong> ESA&#8217;n\u0131n bas\u0131n a\u00e7\u0131klamas\u0131na g\u00f6re, d\u00fcnyaya geri d\u00f6nen uzay enkazlar\u0131n\u0131n \u00e7o\u011fu zaten kontrols\u00fcz bir \u015fekilde geri d\u00f6n\u00fcyor. Buradaki ama\u00e7, ortalama bir atmosfere giri\u015fi taklit ederek yak\u0131ndan incelemek.<\/p>\n<p>Kaps\u00fcl suya \u00e7arpmadan \u00f6nce verileri almak kritik \u00f6nem ta\u015f\u0131yor ve g\u00f6ky\u00fcz\u00fcnde yuvarlan\u0131rken para\u015f\u00fct a\u00e7maya \u00e7al\u0131\u015fmak gibi zorluklar olabilir. ESA, verileri toplamak i\u00e7in <strong>20 dakikal\u0131k bir zaman diliminin<\/strong> oldu\u011funu s\u00f6yl\u00fcyor.<\/p>\n\n<p>Kaynak\u00a0 :\u00a0<span style=\"background-color: rgb(255, 249, 236); color: rgb(55, 58, 60); font-size: 14px;\">https:\/\/www.donanimhaber.com\/avrupa-uzay-ajansi-atmosferde-uydu-parcalayacak-peki-ama-neden&#8211;182478<\/span><\/p>\n","protected":false},"excerpt":{"rendered":"<p>Avrupa Uzay Ajans\u0131 (ESA), 2027&#8217;de d\u00fcnya y\u00f6r\u00fcngesine bir uydu f\u0131rlatarak atmosfere girerken par\u00e7alanmas\u0131n\u0131 izleyecek. Ajans b\u00f6ylece, uydular\u0131n tam olarak nas\u0131l par\u00e7aland\u0131\u011f\u0131n\u0131 anlamay\u0131 ve bilim insanlar\u0131n\u0131n daha fazla uzay \u00e7\u00f6p\u00fcn\u00fcn olu\u015fmas\u0131n\u0131 nas\u0131l &#8230;<\/p>\n","protected":false},"author":1,"featured_media":99030,"comment_status":"open","ping_status":"open","sticky":false,"template":"","format":"standard","meta":{"footnotes":""},"categories":[8],"tags":[1032],"class_list":["post-99029","post","type-post","status-publish","format-standard","has-post-thumbnail","hentry","category-teknoloji","tag-uzay"],"_links":{"self":[{"href":"https:\/\/kamucalisani.net\/index.php\/wp-json\/wp\/v2\/posts\/99029","targetHints":{"allow":["GET"]}}],"collection":[{"href":"https:\/\/kamucalisani.net\/index.php\/wp-json\/wp\/v2\/posts"}],"about":[{"href":"https:\/\/kamucalisani.net\/index.php\/wp-json\/wp\/v2\/types\/post"}],"author":[{"embeddable":true,"href":"https:\/\/kamucalisani.net\/index.php\/wp-json\/wp\/v2\/users\/1"}],"replies":[{"embeddable":true,"href":"https:\/\/kamucalisani.net\/index.php\/wp-json\/wp\/v2\/comments?post=99029"}],"version-history":[{"count":1,"href":"https:\/\/kamucalisani.net\/index.php\/wp-json\/wp\/v2\/posts\/99029\/revisions"}],"predecessor-version":[{"id":99032,"href":"https:\/\/kamucalisani.net\/index.php\/wp-json\/wp\/v2\/posts\/99029\/revisions\/99032"}],"wp:featuredmedia":[{"embeddable":true,"href":"https:\/\/kamucalisani.net\/index.php\/wp-json\/wp\/v2\/media\/99030"}],"wp:attachment":[{"href":"https:\/\/kamucalisani.net\/index.php\/wp-json\/wp\/v2\/media?parent=99029"}],"wp:term":[{"taxonomy":"category","embeddable":true,"href":"https:\/\/kamucalisani.net\/index.php\/wp-json\/wp\/v2\/categories?post=99029"},{"taxonomy":"post_tag","embeddable":true,"href":"https:\/\/kamucalisani.net\/index.php\/wp-json\/wp\/v2\/tags?post=99029"}],"curies":[{"name":"wp","href":"https:\/\/api.w.org\/{rel}","templated":true}]}}