{"id":99197,"date":"2024-10-01T13:00:07","date_gmt":"2024-10-01T13:00:07","guid":{"rendered":"https:\/\/kamucalisani.net\/?p=99197"},"modified":"2024-10-01T13:00:07","modified_gmt":"2024-10-01T13:00:07","slug":"galatasarayda-kerem-akturkoglu-teklifi-veto-etti-fark-2-milyon-euro","status":"publish","type":"post","link":"https:\/\/kamucalisani.net\/index.php\/2024\/10\/01\/galatasarayda-kerem-akturkoglu-teklifi-veto-etti-fark-2-milyon-euro\/","title":{"rendered":"Galatasaray&#8217;da Kerem Akt\u00fcrko\u011flu teklifi veto etti! Fark 2 milyon euro"},"content":{"rendered":"<p><p>Okan Buruk y\u00f6netimindeki Galatasaray, gelecek sezon transfer \u00e7al\u0131\u015fmalar\u0131na h\u0131z verdi. Fenerbah\u00e7e&#8217;den ayr\u0131lan Michy Batshuayi ile 3 y\u0131ll\u0131k s\u00f6zle\u015fme imzalayan sar\u0131-k\u0131rm\u0131z\u0131l\u0131larda bir yandan kadrosundaki y\u0131ld\u0131zlara teklifler geliyor<\/p>\n<p><strong>RUSYA&#8217;DAN TEKL\u0130F<br \/><\/strong>Kariyerini Avrupa&#8217;da s\u00fcrd\u00fcrmeye s\u0131cak bakan Kerem Akt\u00fcrko\u011flu&#8217;na Rusya&#8217;dan teklif geldi. Spartak Moskova&#8217;n\u0131n ilgilendi\u011fi 25 ya\u015f\u0131ndaki oyuncu, Rusya&#8217;dan gelen teklifi geri \u00e7evirdi.<\/p>\n<p><strong>MENAJER\u0130 G\u00d6R\u00dc\u015e\u00dcYOR<\/strong><br \/>Menajerinin Avrupa&#8217;dan Real Sociedad ba\u015fta olmak \u00fczere bir\u00e7ok tak\u0131mla g\u00f6r\u00fc\u015fme halinde oldu\u011fu Kerem&#8217;e yeni teklif getirmesi bekleniyor.<\/p>\n<p>Daha \u00f6nce Sociedad&#8217;dan gelen 13 milyon euro&#8217;luk s\u00f6zl\u00fc \u00f6neriyi geri \u00e7eviren Galatasaray, 15 milyon euro talep ediyor. 2026&#8217;ya kadar kontrat\u0131 olan Kerem, daha d\u00fc\u015f\u00fck fiyata b\u0131rak\u0131lmayacak.<\/p>\n<p><strong>BARI\u015e ALPER OKAN BURUK \u0130LE Y\u00dcKSEL\u0130\u015eE GE\u00c7T\u0130<\/strong><br \/>Bar\u0131\u015f Alper Y\u0131lmaz, Galatasaray&#8217;da 2023-2024 sezonuna damga vurdu. Gen\u00e7 futbolcu, kadrosunda Mauro Icardi, Hakim Ziyech, Wilfried Zaha, Kerem Akt\u00fcrko\u011flu, Tete, Dries Mertens gibi h\u00fccum oyuncular\u0131 bulunan Galatasaray&#8217;da \u00f6ne \u00e7\u0131kmay\u0131 ba\u015fard\u0131. Sar\u0131-k\u0131rm\u0131z\u0131l\u0131 ekipte t\u00fcm kulvarlarda 55 resmi ma\u00e7a \u00e7\u0131kan Bar\u0131\u015f Alper, 7 gol 12 asistlik performans\u0131yla dikkati \u00e7ekti. Gen\u00e7 futbolcu, h\u00fccumdaki etkinli\u011finin yan\u0131 s\u0131ra teknik direkt\u00f6r Okan Buruk&#8217;un elini rahatlatmas\u0131yla da \u00f6n plana \u00e7\u0131kt\u0131.<\/p>\n<p>H\u00fccumda kanatlar ve santrforda g\u00f6rev alan 24 ya\u015f\u0131ndaki y\u0131ld\u0131z futbolcu, tak\u0131m\u0131n ihtiya\u00e7 duydu\u011fu anlarda sa\u011f ve sol bekte de oynad\u0131. Bar\u0131\u015f Alper, Galatasaray&#8217;\u0131n \u00fcst \u00fcste ald\u0131\u011f\u0131 ikinci \u015fampiyonlukta ba\u015frol\u00fc oynayan futbolculardan oldu.<\/p>\n<p><strong>70 MA\u00c7A \u00c7IKTI<\/strong><br \/>Bar\u0131\u015f Alper Y\u0131lmaz, bu sezon Galatasaray ve A Milli Tak\u0131m&#8217;la 70 ma\u00e7ta s\u00fcre ald\u0131.<\/p>\n<p>Sar\u0131-k\u0131rm\u0131z\u0131l\u0131 ekipte 55 resmi m\u00fcsabakaya \u00e7\u0131kan Bar\u0131\u015f Alper, ay-y\u0131ld\u0131zl\u0131 formay\u0131 da 15 kez s\u0131rt\u0131na ge\u00e7irdi.<\/p>\n<p>Galatasaray&#8217;da toplamda 3 bin 490 dakika sahada kalan y\u0131ld\u0131z futbolcu, A Milli Tak\u0131m&#8217;da ise 922 dakika s\u00fcre buldu. Bar\u0131\u015f Alper&#8217;in toplam ald\u0131\u011f\u0131 s\u00fcre 4 bin 412 dakika oldu.<\/p>\n\n<p><\/p>\n<p>Kaynak :\u00a0<span style=\"background-color: rgb(255, 249, 236); color: rgb(55, 58, 60); font-size: 14px;\">http:\/\/www.milliyet.com.tr\/skorer\/galatasarayda-kerem-akturkoglu-teklifi-veto-etti-fark-2-milyon-euro-7153243<\/span><\/p>\n","protected":false},"excerpt":{"rendered":"<p>Yeni sezon haz\u0131rl\u0131klar\u0131n\u0131 s\u00fcrd\u00fcren Galatasaray&#8217;da Kerem Akt\u00fcrko\u011flu&#8217;na gelen transfer teklifi g\u00fcndem oldu.<\/p>\n","protected":false},"author":1,"featured_media":99198,"comment_status":"open","ping_status":"open","sticky":false,"template":"","format":"standard","meta":{"footnotes":""},"categories":[7],"tags":[5383,257,709],"class_list":["post-99197","post","type-post","status-publish","format-standard","has-post-thumbnail","hentry","category-spor","tag-baris-alper","tag-galatasaray","tag-teklif"],"_links":{"self":[{"href":"https:\/\/kamucalisani.net\/index.php\/wp-json\/wp\/v2\/posts\/99197","targetHints":{"allow":["GET"]}}],"collection":[{"href":"https:\/\/kamucalisani.net\/index.php\/wp-json\/wp\/v2\/posts"}],"about":[{"href":"https:\/\/kamucalisani.net\/index.php\/wp-json\/wp\/v2\/types\/post"}],"author":[{"embeddable":true,"href":"https:\/\/kamucalisani.net\/index.php\/wp-json\/wp\/v2\/users\/1"}],"replies":[{"embeddable":true,"href":"https:\/\/kamucalisani.net\/index.php\/wp-json\/wp\/v2\/comments?post=99197"}],"version-history":[{"count":1,"href":"https:\/\/kamucalisani.net\/index.php\/wp-json\/wp\/v2\/posts\/99197\/revisions"}],"predecessor-version":[{"id":99199,"href":"https:\/\/kamucalisani.net\/index.php\/wp-json\/wp\/v2\/posts\/99197\/revisions\/99199"}],"wp:featuredmedia":[{"embeddable":true,"href":"https:\/\/kamucalisani.net\/index.php\/wp-json\/wp\/v2\/media\/99198"}],"wp:attachment":[{"href":"https:\/\/kamucalisani.net\/index.php\/wp-json\/wp\/v2\/media?parent=99197"}],"wp:term":[{"taxonomy":"category","embeddable":true,"href":"https:\/\/kamucalisani.net\/index.php\/wp-json\/wp\/v2\/categories?post=99197"},{"taxonomy":"post_tag","embeddable":true,"href":"https:\/\/kamucalisani.net\/index.php\/wp-json\/wp\/v2\/tags?post=99197"}],"curies":[{"name":"wp","href":"https:\/\/api.w.org\/{rel}","templated":true}]}}