{"id":99722,"date":"2024-10-02T15:12:07","date_gmt":"2024-10-02T15:12:07","guid":{"rendered":"https:\/\/kamucalisani.net\/?p=99722"},"modified":"2024-10-02T15:12:07","modified_gmt":"2024-10-02T15:12:07","slug":"meis-calisma-grubu-ilk-toplantisini-gerceklestirdi","status":"publish","type":"post","link":"https:\/\/kamucalisani.net\/index.php\/2024\/10\/02\/meis-calisma-grubu-ilk-toplantisini-gerceklestirdi\/","title":{"rendered":"ME\u0130S \u00e7al\u0131\u015fma grubu ilk toplant\u0131s\u0131n\u0131 ger\u00e7ekle\u015ftirdi"},"content":{"rendered":"<p><p>\u00a0<\/p>\n<p>Cumhurba\u015fkan\u0131 Yard\u0131mc\u0131s\u0131 Cevdet Y\u0131lmaz taraf\u0131ndan 2 ay \u00f6nce ger\u00e7ekle\u015ftirilen Yat\u0131r\u0131m Ortam\u0131n\u0131 \u0130yile\u015ftirme Koordinasyon Kurulu (YO\u0130KK) toplant\u0131s\u0131nda, Cumhurba\u015fkanl\u0131\u011f\u0131 \u0130nsan Kaynaklar\u0131 Ofisi ba\u015fkanl\u0131\u011f\u0131nda YO\u0130KK \u00fcyesi t\u00fcm STK temsilcilerinin kat\u0131l\u0131m\u0131yla mesleki e\u011fitim ve istihdamla ilgili bir \u00e7al\u0131\u015fma grubu kurulmas\u0131 kararla\u015ft\u0131r\u0131ld\u0131. Cumhurba\u015fkanl\u0131\u011f\u0131 \u0130nsan Kaynaklar\u0131 Ofisi ba\u015fkanl\u0131\u011f\u0131nda kurulan ve kamu kurumlar\u0131 ile sivil toplum kurulu\u015flar\u0131 olmak \u00fczere 17 kurumdan olu\u015fan ME\u0130S \u00e7al\u0131\u015fma grubunun ilk toplant\u0131s\u0131, Cumhurba\u015fkanl\u0131\u011f\u0131 \u0130nsan Kaynaklar\u0131 Ofisi Ba\u015fkan\u0131 Do\u00e7. Dr. Salim Atay ba\u015fkanl\u0131\u011f\u0131nda ger\u00e7ekle\u015ftirildi. Cumhurba\u015fkanl\u0131\u011f\u0131 K\u00fclliyesi&#8217;nde yap\u0131lan toplant\u0131ya, Cumhurba\u015fkan\u0131 Yard\u0131mc\u0131l\u0131\u011f\u0131na ek olarak Strateji ve B\u00fct\u00e7e Ba\u015fkanl\u0131\u011f\u0131 ve Y\u00fcksek\u00f6\u011fretim Kurulu (Y\u00d6K), Aile ve Sosyal Hizmetler Bakanl\u0131\u011f\u0131, Hazine ve Maliye Bakanl\u0131\u011f\u0131, Milli E\u011fitim Bakanl\u0131\u011f\u0131, Sanayi ve Teknoloji Bakanl\u0131\u011f\u0131, bakanl\u0131klara ba\u011fl\u0131 kurumlardan T\u00fcrkiye \u0130\u015f Kurumu (\u0130\u015eKUR), K\u00fc\u00e7\u00fck ve Orta \u00d6l\u00e7ekli \u0130\u015fletmeleri Geli\u015ftirme ve Destekleme \u0130daresi Ba\u015fkanl\u0131\u011f\u0131 (KOSGEB), T\u00fcrkiye \u0130statistik Kurumu (T\u00dc\u0130K), D\u0131\u015f Ekonomik \u0130li\u015fkiler Kurulu (DE\u0130K), sivil toplum kurulu\u015flar\u0131ndan M\u00fcstakil Sanayici ve \u0130\u015fadamlar\u0131 Derne\u011fi (M\u00dcS\u0130AD), T\u00fcrkiye \u0130hracat\u00e7\u0131lar Meclisi (T\u0130M), T\u00fcrkiye \u0130\u015fveren Sendikalar\u0131 Konfederasyonu (T\u0130SK), T\u00fcrk Sanayicileri ve \u0130\u015f \u0130nsanlar\u0131 Derne\u011fi (T\u00dcS\u0130AD), T\u00fcrkiye Odalar ve Borsalar Birli\u011fi (TOBB) ve Uluslararas\u0131 Yat\u0131r\u0131mc\u0131lar Derne\u011fi (YASED) temsilcileri kat\u0131ld\u0131.<\/p>\n<p>Cumhurba\u015fkanl\u0131\u011f\u0131 \u0130nsan Kaynaklar\u0131 Ofisi&#8217;nden yap\u0131lan a\u00e7\u0131klamada, mesleki e\u011fitimin i\u015f g\u00fcc\u00fc piyasas\u0131 ihtiya\u00e7lar\u0131n\u0131 kar\u015f\u0131layacak \u015fekilde g\u00fc\u00e7lendirilmesi, \u00f6\u011frenim g\u00f6recek gen\u00e7lere ikiz d\u00f6n\u00fc\u015f\u00fcm ve 21&#8217;inci y\u00fczy\u0131l becerilerinin kazand\u0131r\u0131larak istihdam edilebilirliklerinin art\u0131r\u0131lmas\u0131 ve stratejik insan kaynaklar\u0131 planlamas\u0131 \u00e7al\u0131\u015fmalar\u0131n\u0131n yap\u0131lmas\u0131 konular\u0131n\u0131n toplant\u0131n\u0131n ana g\u00fcndem maddeleri aras\u0131nda yer ald\u0131\u011f\u0131n\u0131 belirtilerek, &#8220;Bu ba\u011flamda, kariyer rehberli\u011fi hizmetlerinin niteli\u011finin artt\u0131r\u0131lmas\u0131 ile e\u011fitim ve geli\u015ftirme faaliyetlerinin desteklenmesi \u00fczerinde durulan konular olarak de\u011ferlendirilmi\u015ftir. ME\u0130S \u00e7al\u0131\u015fma grubunun politika ve tedbir \u00f6nerileri belirlenerek, T\u00fcrkiye&#8217;nin bu alandaki stratejilerini g\u00fc\u00e7lendirecek, kapsay\u0131c\u0131, f\u0131rsat e\u015fitli\u011fi sunan, yenilik\u00e7i, hesap verebilir, veriye dayal\u0131 bir yol haritas\u0131 olu\u015fturulmas\u0131 hedeflenmektedir&#8221; denildi. (DHA)<\/p>\n\n<p><\/p>\n<p>Kaynak :\u00a0<span style=\"background-color: rgb(255, 249, 236); color: rgb(55, 58, 60); font-size: 14px;\">http:\/\/www.milliyet.com.tr\/ekonomi\/meis-calisma-grubu-ilk-toplantisini-gerceklestirdi-7153458<\/span><\/p>\n","protected":false},"excerpt":{"rendered":"<p>Cumhurba\u015fkanl\u0131\u011f\u0131 \u0130nsan Kaynaklar\u0131 Ofisi ba\u015fkanl\u0131\u011f\u0131nda kurulan, kamu kurumlar\u0131 ile sivil toplum kurulu\u015flar\u0131 olmak \u00fczere 17 kurumdan olu\u015fan Mesleki E\u011fitim ve \u0130stihdam (ME\u0130S) \u00e7al\u0131\u015fma grubu, ilk toplant\u0131s\u0131n\u0131 ger\u00e7ekle\u015ftirdi.<\/p>\n","protected":false},"author":1,"featured_media":99723,"comment_status":"open","ping_status":"open","sticky":false,"template":"","format":"standard","meta":{"footnotes":""},"categories":[2],"tags":[6492,6493,6247,211,146],"class_list":["post-99722","post","type-post","status-publish","format-standard","has-post-thumbnail","hentry","category-ekonomi","tag-baskanligi","tag-cumhurbaskanligi","tag-insan-kaynaklari","tag-is","tag-turkiye"],"_links":{"self":[{"href":"https:\/\/kamucalisani.net\/index.php\/wp-json\/wp\/v2\/posts\/99722","targetHints":{"allow":["GET"]}}],"collection":[{"href":"https:\/\/kamucalisani.net\/index.php\/wp-json\/wp\/v2\/posts"}],"about":[{"href":"https:\/\/kamucalisani.net\/index.php\/wp-json\/wp\/v2\/types\/post"}],"author":[{"embeddable":true,"href":"https:\/\/kamucalisani.net\/index.php\/wp-json\/wp\/v2\/users\/1"}],"replies":[{"embeddable":true,"href":"https:\/\/kamucalisani.net\/index.php\/wp-json\/wp\/v2\/comments?post=99722"}],"version-history":[{"count":1,"href":"https:\/\/kamucalisani.net\/index.php\/wp-json\/wp\/v2\/posts\/99722\/revisions"}],"predecessor-version":[{"id":99724,"href":"https:\/\/kamucalisani.net\/index.php\/wp-json\/wp\/v2\/posts\/99722\/revisions\/99724"}],"wp:featuredmedia":[{"embeddable":true,"href":"https:\/\/kamucalisani.net\/index.php\/wp-json\/wp\/v2\/media\/99723"}],"wp:attachment":[{"href":"https:\/\/kamucalisani.net\/index.php\/wp-json\/wp\/v2\/media?parent=99722"}],"wp:term":[{"taxonomy":"category","embeddable":true,"href":"https:\/\/kamucalisani.net\/index.php\/wp-json\/wp\/v2\/categories?post=99722"},{"taxonomy":"post_tag","embeddable":true,"href":"https:\/\/kamucalisani.net\/index.php\/wp-json\/wp\/v2\/tags?post=99722"}],"curies":[{"name":"wp","href":"https:\/\/api.w.org\/{rel}","templated":true}]}}